{"id":3021,"date":"2026-01-23T13:54:00","date_gmt":"2026-01-23T12:54:00","guid":{"rendered":"https:\/\/www.asturiashubdefensa.com\/prensa\/asturias-defence-hub-joins-the-asturias-digital-innovation-hub-asdih\/"},"modified":"2026-02-04T14:04:46","modified_gmt":"2026-02-04T13:04:46","slug":"asturias-defence-hub-joins-the-asturias-digital-innovation-hub-asdih","status":"publish","type":"post","link":"https:\/\/www.asturiashubdefensa.com\/en\/prensa\/asturias-defence-hub-joins-the-asturias-digital-innovation-hub-asdih\/","title":{"rendered":"Asturias Defence Hub joins the Asturias Digital Innovation Hub (AsDIH)"},"content":{"rendered":"\n<p><strong>Gij\u00f3n, 23 January 2026. <\/strong> \u2014 Asturias Hub Defensa has officially joined the <strong>Asturias Digital Innovation Hub (AsDIH)<\/strong> as a new partner organisation. The hub has just embarked on a new phase of activity aimed at accelerating the implementation of artificial intelligence in the regional business community.<\/p>\n\n<p>The <strong><a href=\"https:\/\/www.asdih.es\/\" type=\"link\" id=\"https:\/\/www.asdih.es\/\" target=\"_blank\" rel=\"noreferrer noopener\">AsDIH<\/a><\/strong>, with the <strong><a href=\"https:\/\/www.idepa.es\/agencia_sekuens\" type=\"link\" id=\"https:\/\/www.idepa.es\/agencia_sekuens\" target=\"_blank\" rel=\"noreferrer noopener\">Agencia Sekuens<\/a> <\/strong>as the project&#8217;s coordinating body, will work over the coming years to provide specialised services to more than 160 Asturian companies and entities, with a particular focus on the strategic use of artificial intelligence technologies. To this end, it will offer advanced training, coaching services, personalised advice and testing and experimentation spaces aimed at validating digital solutions applicable in industrial and technological environments. <\/p>\n\n<p>La entrada de <strong>Asturias Hub Defensa<\/strong> en <strong>AsDIH <\/strong>refuerza la conexi\u00f3n entre la innovaci\u00f3n civil y las capacidades tecnol\u00f3gicas vinculadas al sector defensa, aportando un nuevo vector de especializaci\u00f3n al ecosistema regional. Esta incorporaci\u00f3n se suma a la de la <strong>Direcci\u00f3n General de Estrategia Digital e Inteligencia Artificial del Principado de Asturias<\/strong>, que tambi\u00e9n se integra como entidad asociada en esta nueva fase. <\/p>\n\n<p>With the incorporation of Asturias Hub Defence, the Asturian ecosystem of digital innovation adds new a9&gt; capacities strategic in areas key to the future industrial and technological of Asturias, consolidating its positioning within the European network of Digital Innovation Hubs.<\/p>\n","protected":false},"excerpt":{"rendered":"<p>Gij\u00f3n, 23 January 2026. \u2014 Asturias Hub Defensa has officially joined the Asturias Digital Innovation Hub (AsDIH) as a new partner organisation. The hub has just embarked on a new phase of activity aimed at accelerating the implementation of artificial intelligence in the regional business community. The AsDIH, with the Agencia Sekuens as the project&#8217;s [&hellip;]<\/p>\n","protected":false},"author":2,"featured_media":3006,"comment_status":"closed","ping_status":"closed","sticky":false,"template":"","format":"standard","meta":{"_acf_changed":false,"inline_featured_image":false,"footnotes":""},"categories":[1],"tags":[],"class_list":["post-3021","post","type-post","status-publish","format-standard","has-post-thumbnail","hentry","category-sin-categorizar"],"acf":[],"yoast_head":"<!-- This site is optimized with the Yoast SEO plugin v27.5 - https:\/\/yoast.com\/product\/yoast-seo-wordpress\/ -->\n<title>Asturias Hub Defence joins the AsDIH<\/title>\n<meta name=\"description\" content=\"The entry of Asturias Hub Defence into AsDIH strengthens the connection between civil innovation and technological capabilities linked to the defence sector.\" \/>\n<meta name=\"robots\" content=\"index, follow, max-snippet:-1, max-image-preview:large, max-video-preview:-1\" \/>\n<link rel=\"canonical\" href=\"https:\/\/www.asturiashubdefensa.com\/en\/prensa\/asturias-defence-hub-joins-the-asturias-digital-innovation-hub-asdih\/\" \/>\n<meta property=\"og:locale\" content=\"en_US\" \/>\n<meta property=\"og:type\" content=\"article\" \/>\n<meta property=\"og:title\" content=\"Asturias Hub Defence joins the AsDIH\" \/>\n<meta property=\"og:description\" content=\"The entry of Asturias Hub Defence into AsDIH strengthens the connection between civil innovation and technological capabilities linked to the defence sector.\" \/>\n<meta property=\"og:url\" content=\"https:\/\/www.asturiashubdefensa.com\/en\/prensa\/asturias-defence-hub-joins-the-asturias-digital-innovation-hub-asdih\/\" \/>\n<meta property=\"og:site_name\" content=\"Asturias Hub Defensa\" \/>\n<meta property=\"article:published_time\" content=\"2026-01-23T12:54:00+00:00\" \/>\n<meta property=\"article:modified_time\" content=\"2026-02-04T13:04:46+00:00\" \/>\n<meta property=\"og:image\" content=\"https:\/\/www.asturiashubdefensa.com\/wp-content\/uploads\/2026\/01\/Sesion-de-lanzamiento-AsDIH-en-Asturias-colaboracion-publico-privada-para-la-digitalizacion-industrial-768x576-1.jpg\" \/>\n\t<meta property=\"og:image:width\" content=\"768\" \/>\n\t<meta property=\"og:image:height\" content=\"576\" \/>\n\t<meta property=\"og:image:type\" content=\"image\/jpeg\" \/>\n<meta name=\"author\" content=\"Editor\" \/>\n<meta name=\"twitter:card\" content=\"summary_large_image\" \/>\n<meta name=\"twitter:creator\" content=\"@AsturHubDefensa\" \/>\n<meta name=\"twitter:site\" content=\"@AsturHubDefensa\" \/>\n<meta name=\"twitter:label1\" content=\"Written by\" \/>\n\t<meta name=\"twitter:data1\" content=\"Editor\" \/>\n\t<meta name=\"twitter:label2\" content=\"Est. reading time\" \/>\n\t<meta name=\"twitter:data2\" content=\"1 minute\" \/>\n<script type=\"application\/ld+json\" class=\"yoast-schema-graph\">{\"@context\":\"https:\\\/\\\/schema.org\",\"@graph\":[{\"@type\":\"Article\",\"@id\":\"https:\\\/\\\/www.asturiashubdefensa.com\\\/en\\\/prensa\\\/asturias-defence-hub-joins-the-asturias-digital-innovation-hub-asdih\\\/#article\",\"isPartOf\":{\"@id\":\"https:\\\/\\\/www.asturiashubdefensa.com\\\/en\\\/prensa\\\/asturias-defence-hub-joins-the-asturias-digital-innovation-hub-asdih\\\/\"},\"author\":{\"name\":\"Editor\",\"@id\":\"https:\\\/\\\/www.asturiashubdefensa.com\\\/en\\\/#\\\/schema\\\/person\\\/dd4d89e9177d2827f11a697afe9478e3\"},\"headline\":\"Asturias Defence Hub joins the Asturias Digital Innovation Hub (AsDIH)\",\"datePublished\":\"2026-01-23T12:54:00+00:00\",\"dateModified\":\"2026-02-04T13:04:46+00:00\",\"mainEntityOfPage\":{\"@id\":\"https:\\\/\\\/www.asturiashubdefensa.com\\\/en\\\/prensa\\\/asturias-defence-hub-joins-the-asturias-digital-innovation-hub-asdih\\\/\"},\"wordCount\":234,\"publisher\":{\"@id\":\"https:\\\/\\\/www.asturiashubdefensa.com\\\/en\\\/#organization\"},\"image\":{\"@id\":\"https:\\\/\\\/www.asturiashubdefensa.com\\\/en\\\/prensa\\\/asturias-defence-hub-joins-the-asturias-digital-innovation-hub-asdih\\\/#primaryimage\"},\"thumbnailUrl\":\"https:\\\/\\\/www.asturiashubdefensa.com\\\/wp-content\\\/uploads\\\/2026\\\/01\\\/Sesion-de-lanzamiento-AsDIH-en-Asturias-colaboracion-publico-privada-para-la-digitalizacion-industrial-768x576-1.jpg\",\"articleSection\":[\"Sin categorizar\"],\"inLanguage\":\"en-US\"},{\"@type\":\"WebPage\",\"@id\":\"https:\\\/\\\/www.asturiashubdefensa.com\\\/en\\\/prensa\\\/asturias-defence-hub-joins-the-asturias-digital-innovation-hub-asdih\\\/\",\"url\":\"https:\\\/\\\/www.asturiashubdefensa.com\\\/en\\\/prensa\\\/asturias-defence-hub-joins-the-asturias-digital-innovation-hub-asdih\\\/\",\"name\":\"Asturias Hub Defence joins the AsDIH\",\"isPartOf\":{\"@id\":\"https:\\\/\\\/www.asturiashubdefensa.com\\\/en\\\/#website\"},\"primaryImageOfPage\":{\"@id\":\"https:\\\/\\\/www.asturiashubdefensa.com\\\/en\\\/prensa\\\/asturias-defence-hub-joins-the-asturias-digital-innovation-hub-asdih\\\/#primaryimage\"},\"image\":{\"@id\":\"https:\\\/\\\/www.asturiashubdefensa.com\\\/en\\\/prensa\\\/asturias-defence-hub-joins-the-asturias-digital-innovation-hub-asdih\\\/#primaryimage\"},\"thumbnailUrl\":\"https:\\\/\\\/www.asturiashubdefensa.com\\\/wp-content\\\/uploads\\\/2026\\\/01\\\/Sesion-de-lanzamiento-AsDIH-en-Asturias-colaboracion-publico-privada-para-la-digitalizacion-industrial-768x576-1.jpg\",\"datePublished\":\"2026-01-23T12:54:00+00:00\",\"dateModified\":\"2026-02-04T13:04:46+00:00\",\"description\":\"The entry of Asturias Hub Defence into AsDIH strengthens the connection between civil innovation and technological capabilities linked to the defence sector.\",\"breadcrumb\":{\"@id\":\"https:\\\/\\\/www.asturiashubdefensa.com\\\/en\\\/prensa\\\/asturias-defence-hub-joins-the-asturias-digital-innovation-hub-asdih\\\/#breadcrumb\"},\"inLanguage\":\"en-US\",\"potentialAction\":[{\"@type\":\"ReadAction\",\"target\":[\"https:\\\/\\\/www.asturiashubdefensa.com\\\/en\\\/prensa\\\/asturias-defence-hub-joins-the-asturias-digital-innovation-hub-asdih\\\/\"]}]},{\"@type\":\"ImageObject\",\"inLanguage\":\"en-US\",\"@id\":\"https:\\\/\\\/www.asturiashubdefensa.com\\\/en\\\/prensa\\\/asturias-defence-hub-joins-the-asturias-digital-innovation-hub-asdih\\\/#primaryimage\",\"url\":\"https:\\\/\\\/www.asturiashubdefensa.com\\\/wp-content\\\/uploads\\\/2026\\\/01\\\/Sesion-de-lanzamiento-AsDIH-en-Asturias-colaboracion-publico-privada-para-la-digitalizacion-industrial-768x576-1.jpg\",\"contentUrl\":\"https:\\\/\\\/www.asturiashubdefensa.com\\\/wp-content\\\/uploads\\\/2026\\\/01\\\/Sesion-de-lanzamiento-AsDIH-en-Asturias-colaboracion-publico-privada-para-la-digitalizacion-industrial-768x576-1.jpg\",\"width\":768,\"height\":576,\"caption\":\"Asturias Hub Defensa se une a AsDIH en Asturias\"},{\"@type\":\"BreadcrumbList\",\"@id\":\"https:\\\/\\\/www.asturiashubdefensa.com\\\/en\\\/prensa\\\/asturias-defence-hub-joins-the-asturias-digital-innovation-hub-asdih\\\/#breadcrumb\",\"itemListElement\":[{\"@type\":\"ListItem\",\"position\":1,\"name\":\"Portada\",\"item\":\"https:\\\/\\\/www.asturiashubdefensa.com\\\/en\\\/\"},{\"@type\":\"ListItem\",\"position\":2,\"name\":\"Asturias Defence Hub joins the Asturias Digital Innovation Hub (AsDIH)\"}]},{\"@type\":\"WebSite\",\"@id\":\"https:\\\/\\\/www.asturiashubdefensa.com\\\/en\\\/#website\",\"url\":\"https:\\\/\\\/www.asturiashubdefensa.com\\\/en\\\/\",\"name\":\"Asturias Hub Defensa\",\"description\":\"Asociaci\u00f3n empresarial de tecnolog\u00eda de Asturias para el desarrollo de la industria de la defensa; iniciativa \u201cIngeniero Gonz\u00e1lez-Hontoria\u201d\",\"publisher\":{\"@id\":\"https:\\\/\\\/www.asturiashubdefensa.com\\\/en\\\/#organization\"},\"potentialAction\":[{\"@type\":\"SearchAction\",\"target\":{\"@type\":\"EntryPoint\",\"urlTemplate\":\"https:\\\/\\\/www.asturiashubdefensa.com\\\/en\\\/?s={search_term_string}\"},\"query-input\":{\"@type\":\"PropertyValueSpecification\",\"valueRequired\":true,\"valueName\":\"search_term_string\"}}],\"inLanguage\":\"en-US\"},{\"@type\":\"Organization\",\"@id\":\"https:\\\/\\\/www.asturiashubdefensa.com\\\/en\\\/#organization\",\"name\":\"Asturias Hub Defensa\",\"url\":\"https:\\\/\\\/www.asturiashubdefensa.com\\\/en\\\/\",\"logo\":{\"@type\":\"ImageObject\",\"inLanguage\":\"en-US\",\"@id\":\"https:\\\/\\\/www.asturiashubdefensa.com\\\/en\\\/#\\\/schema\\\/logo\\\/image\\\/\",\"url\":\"https:\\\/\\\/www.asturiashubdefensa.com\\\/wp-content\\\/uploads\\\/2022\\\/11\\\/ast_hub_logo_completo.svg\",\"contentUrl\":\"https:\\\/\\\/www.asturiashubdefensa.com\\\/wp-content\\\/uploads\\\/2022\\\/11\\\/ast_hub_logo_completo.svg\",\"width\":100,\"height\":100,\"caption\":\"Asturias Hub Defensa\"},\"image\":{\"@id\":\"https:\\\/\\\/www.asturiashubdefensa.com\\\/en\\\/#\\\/schema\\\/logo\\\/image\\\/\"},\"sameAs\":[\"https:\\\/\\\/x.com\\\/AsturHubDefensa\",\"https:\\\/\\\/www.linkedin.com\\\/company\\\/asturiashubdefensa\\\/\"]},{\"@type\":\"Person\",\"@id\":\"https:\\\/\\\/www.asturiashubdefensa.com\\\/en\\\/#\\\/schema\\\/person\\\/dd4d89e9177d2827f11a697afe9478e3\",\"name\":\"Editor\"}]}<\/script>\n<!-- \/ Yoast SEO plugin. -->","yoast_head_json":{"title":"Asturias Hub Defence joins the AsDIH","description":"The entry of Asturias Hub Defence into AsDIH strengthens the connection between civil innovation and technological capabilities linked to the defence sector.","robots":{"index":"index","follow":"follow","max-snippet":"max-snippet:-1","max-image-preview":"max-image-preview:large","max-video-preview":"max-video-preview:-1"},"canonical":"https:\/\/www.asturiashubdefensa.com\/en\/prensa\/asturias-defence-hub-joins-the-asturias-digital-innovation-hub-asdih\/","og_locale":"en_US","og_type":"article","og_title":"Asturias Hub Defence joins the AsDIH","og_description":"The entry of Asturias Hub Defence into AsDIH strengthens the connection between civil innovation and technological capabilities linked to the defence sector.","og_url":"https:\/\/www.asturiashubdefensa.com\/en\/prensa\/asturias-defence-hub-joins-the-asturias-digital-innovation-hub-asdih\/","og_site_name":"Asturias Hub Defensa","article_published_time":"2026-01-23T12:54:00+00:00","article_modified_time":"2026-02-04T13:04:46+00:00","og_image":[{"width":768,"height":576,"url":"https:\/\/www.asturiashubdefensa.com\/wp-content\/uploads\/2026\/01\/Sesion-de-lanzamiento-AsDIH-en-Asturias-colaboracion-publico-privada-para-la-digitalizacion-industrial-768x576-1.jpg","type":"image\/jpeg"}],"author":"Editor","twitter_card":"summary_large_image","twitter_creator":"@AsturHubDefensa","twitter_site":"@AsturHubDefensa","twitter_misc":{"Written by":"Editor","Est. reading time":"1 minute"},"schema":{"@context":"https:\/\/schema.org","@graph":[{"@type":"Article","@id":"https:\/\/www.asturiashubdefensa.com\/en\/prensa\/asturias-defence-hub-joins-the-asturias-digital-innovation-hub-asdih\/#article","isPartOf":{"@id":"https:\/\/www.asturiashubdefensa.com\/en\/prensa\/asturias-defence-hub-joins-the-asturias-digital-innovation-hub-asdih\/"},"author":{"name":"Editor","@id":"https:\/\/www.asturiashubdefensa.com\/en\/#\/schema\/person\/dd4d89e9177d2827f11a697afe9478e3"},"headline":"Asturias Defence Hub joins the Asturias Digital Innovation Hub (AsDIH)","datePublished":"2026-01-23T12:54:00+00:00","dateModified":"2026-02-04T13:04:46+00:00","mainEntityOfPage":{"@id":"https:\/\/www.asturiashubdefensa.com\/en\/prensa\/asturias-defence-hub-joins-the-asturias-digital-innovation-hub-asdih\/"},"wordCount":234,"publisher":{"@id":"https:\/\/www.asturiashubdefensa.com\/en\/#organization"},"image":{"@id":"https:\/\/www.asturiashubdefensa.com\/en\/prensa\/asturias-defence-hub-joins-the-asturias-digital-innovation-hub-asdih\/#primaryimage"},"thumbnailUrl":"https:\/\/www.asturiashubdefensa.com\/wp-content\/uploads\/2026\/01\/Sesion-de-lanzamiento-AsDIH-en-Asturias-colaboracion-publico-privada-para-la-digitalizacion-industrial-768x576-1.jpg","articleSection":["Sin categorizar"],"inLanguage":"en-US"},{"@type":"WebPage","@id":"https:\/\/www.asturiashubdefensa.com\/en\/prensa\/asturias-defence-hub-joins-the-asturias-digital-innovation-hub-asdih\/","url":"https:\/\/www.asturiashubdefensa.com\/en\/prensa\/asturias-defence-hub-joins-the-asturias-digital-innovation-hub-asdih\/","name":"Asturias Hub Defence joins the AsDIH","isPartOf":{"@id":"https:\/\/www.asturiashubdefensa.com\/en\/#website"},"primaryImageOfPage":{"@id":"https:\/\/www.asturiashubdefensa.com\/en\/prensa\/asturias-defence-hub-joins-the-asturias-digital-innovation-hub-asdih\/#primaryimage"},"image":{"@id":"https:\/\/www.asturiashubdefensa.com\/en\/prensa\/asturias-defence-hub-joins-the-asturias-digital-innovation-hub-asdih\/#primaryimage"},"thumbnailUrl":"https:\/\/www.asturiashubdefensa.com\/wp-content\/uploads\/2026\/01\/Sesion-de-lanzamiento-AsDIH-en-Asturias-colaboracion-publico-privada-para-la-digitalizacion-industrial-768x576-1.jpg","datePublished":"2026-01-23T12:54:00+00:00","dateModified":"2026-02-04T13:04:46+00:00","description":"The entry of Asturias Hub Defence into AsDIH strengthens the connection between civil innovation and technological capabilities linked to the defence sector.","breadcrumb":{"@id":"https:\/\/www.asturiashubdefensa.com\/en\/prensa\/asturias-defence-hub-joins-the-asturias-digital-innovation-hub-asdih\/#breadcrumb"},"inLanguage":"en-US","potentialAction":[{"@type":"ReadAction","target":["https:\/\/www.asturiashubdefensa.com\/en\/prensa\/asturias-defence-hub-joins-the-asturias-digital-innovation-hub-asdih\/"]}]},{"@type":"ImageObject","inLanguage":"en-US","@id":"https:\/\/www.asturiashubdefensa.com\/en\/prensa\/asturias-defence-hub-joins-the-asturias-digital-innovation-hub-asdih\/#primaryimage","url":"https:\/\/www.asturiashubdefensa.com\/wp-content\/uploads\/2026\/01\/Sesion-de-lanzamiento-AsDIH-en-Asturias-colaboracion-publico-privada-para-la-digitalizacion-industrial-768x576-1.jpg","contentUrl":"https:\/\/www.asturiashubdefensa.com\/wp-content\/uploads\/2026\/01\/Sesion-de-lanzamiento-AsDIH-en-Asturias-colaboracion-publico-privada-para-la-digitalizacion-industrial-768x576-1.jpg","width":768,"height":576,"caption":"Asturias Hub Defensa se une a AsDIH en Asturias"},{"@type":"BreadcrumbList","@id":"https:\/\/www.asturiashubdefensa.com\/en\/prensa\/asturias-defence-hub-joins-the-asturias-digital-innovation-hub-asdih\/#breadcrumb","itemListElement":[{"@type":"ListItem","position":1,"name":"Portada","item":"https:\/\/www.asturiashubdefensa.com\/en\/"},{"@type":"ListItem","position":2,"name":"Asturias Defence Hub joins the Asturias Digital Innovation Hub (AsDIH)"}]},{"@type":"WebSite","@id":"https:\/\/www.asturiashubdefensa.com\/en\/#website","url":"https:\/\/www.asturiashubdefensa.com\/en\/","name":"Asturias Hub Defensa","description":"Asociaci\u00f3n empresarial de tecnolog\u00eda de Asturias para el desarrollo de la industria de la defensa; iniciativa \u201cIngeniero Gonz\u00e1lez-Hontoria\u201d","publisher":{"@id":"https:\/\/www.asturiashubdefensa.com\/en\/#organization"},"potentialAction":[{"@type":"SearchAction","target":{"@type":"EntryPoint","urlTemplate":"https:\/\/www.asturiashubdefensa.com\/en\/?s={search_term_string}"},"query-input":{"@type":"PropertyValueSpecification","valueRequired":true,"valueName":"search_term_string"}}],"inLanguage":"en-US"},{"@type":"Organization","@id":"https:\/\/www.asturiashubdefensa.com\/en\/#organization","name":"Asturias Hub Defensa","url":"https:\/\/www.asturiashubdefensa.com\/en\/","logo":{"@type":"ImageObject","inLanguage":"en-US","@id":"https:\/\/www.asturiashubdefensa.com\/en\/#\/schema\/logo\/image\/","url":"https:\/\/www.asturiashubdefensa.com\/wp-content\/uploads\/2022\/11\/ast_hub_logo_completo.svg","contentUrl":"https:\/\/www.asturiashubdefensa.com\/wp-content\/uploads\/2022\/11\/ast_hub_logo_completo.svg","width":100,"height":100,"caption":"Asturias Hub Defensa"},"image":{"@id":"https:\/\/www.asturiashubdefensa.com\/en\/#\/schema\/logo\/image\/"},"sameAs":["https:\/\/x.com\/AsturHubDefensa","https:\/\/www.linkedin.com\/company\/asturiashubdefensa\/"]},{"@type":"Person","@id":"https:\/\/www.asturiashubdefensa.com\/en\/#\/schema\/person\/dd4d89e9177d2827f11a697afe9478e3","name":"Editor"}]}},"_links":{"self":[{"href":"https:\/\/www.asturiashubdefensa.com\/en\/wp-json\/wp\/v2\/posts\/3021","targetHints":{"allow":["GET"]}}],"collection":[{"href":"https:\/\/www.asturiashubdefensa.com\/en\/wp-json\/wp\/v2\/posts"}],"about":[{"href":"https:\/\/www.asturiashubdefensa.com\/en\/wp-json\/wp\/v2\/types\/post"}],"author":[{"embeddable":true,"href":"https:\/\/www.asturiashubdefensa.com\/en\/wp-json\/wp\/v2\/users\/2"}],"replies":[{"embeddable":true,"href":"https:\/\/www.asturiashubdefensa.com\/en\/wp-json\/wp\/v2\/comments?post=3021"}],"version-history":[{"count":1,"href":"https:\/\/www.asturiashubdefensa.com\/en\/wp-json\/wp\/v2\/posts\/3021\/revisions"}],"predecessor-version":[{"id":3022,"href":"https:\/\/www.asturiashubdefensa.com\/en\/wp-json\/wp\/v2\/posts\/3021\/revisions\/3022"}],"wp:featuredmedia":[{"embeddable":true,"href":"https:\/\/www.asturiashubdefensa.com\/en\/wp-json\/wp\/v2\/media\/3006"}],"wp:attachment":[{"href":"https:\/\/www.asturiashubdefensa.com\/en\/wp-json\/wp\/v2\/media?parent=3021"}],"wp:term":[{"taxonomy":"category","embeddable":true,"href":"https:\/\/www.asturiashubdefensa.com\/en\/wp-json\/wp\/v2\/categories?post=3021"},{"taxonomy":"post_tag","embeddable":true,"href":"https:\/\/www.asturiashubdefensa.com\/en\/wp-json\/wp\/v2\/tags?post=3021"}],"curies":[{"name":"wp","href":"https:\/\/api.w.org\/{rel}","templated":true}]}}